{"id":2427,"date":"2012-11-25T13:24:09","date_gmt":"2012-11-25T16:24:09","guid":{"rendered":"http:\/\/pensamentoextemporaneo.wordpress.com\/?p=2427"},"modified":"2012-11-25T13:24:09","modified_gmt":"2012-11-25T16:24:09","slug":"filosofia-estrutural","status":"publish","type":"post","link":"https:\/\/pensamentoextemporaneo.com.br\/?p=2427","title":{"rendered":"Filosofia estrutural em L\u00e9vi-Strauss"},"content":{"rendered":"<p style=\"text-align:justify;\"><b>Fabiano Milione Hon\u00f3rio<\/b><\/p>\n<p style=\"text-align:justify;\">Claude L\u00e9vi-Strauss<a title=\"\" href=\"\/Academico\/2009-2012%20Blog%20Pensamento%20Extemporaneo\/Levi-Strauss,%20Fabiano.docx#_ftn1\"><sup><\/sup><sup>[1]<\/sup><\/a> foi um grande nome do s\u00e9culo XX e grande parte de sua fama se deve aos seus estudos e suas contribui\u00e7\u00f5es na filosofia, principalmente na \u00e1rea da antropologia. Suas pesquisas s\u00e3o de grande import\u00e2ncia para a sociedade atual e ajudam a entender o homem com suas rela\u00e7\u00f5es e seus costumes. Ele come\u00e7ou seus estudos na \u00e1rea filos\u00f3fica, que com o tempo gerou grande insatisfa\u00e7\u00e3o, pois ser a carreira na universidade muito idealista e n\u00e3o servia de nada para enfrentar o mundo frente aos grandes problemas da humanidade.<\/p>\n<p style=\"text-align:justify;\">Ele optou ,assim como muitos pensadores da mesma \u00e9poca<a title=\"\" href=\"\/Academico\/2009-2012%20Blog%20Pensamento%20Extemporaneo\/Levi-Strauss,%20Fabiano.docx#_ftn2\"><sup><\/sup><sup>[2]<\/sup><\/a>, a deixar as paredes acad\u00eamicas e se embrenhar em um estudo mais social. Mesmo n\u00e3o deixando completamente a filosofia, ele se dedica seus estudos \u00e0 etnologia. Esse, talvez, seja o grande \u201cpontap\u00e9 inicial\u201d nos seus estudos posteriores, combinando filosofia e etnologia. Assim, ele sai das salas de aula e come\u00e7a um important\u00edssimo estudo de campo e pesquisas sobre civiliza\u00e7\u00f5es e culturas diversas.<\/p>\n<blockquote>\n<p style=\"text-align:justify;\">A atitude de L\u00e9vi-Strauss a esse respeito \u00e9 indubitavelmente muito mais radical. Entretanto, nele jamais se extinguir\u00e1 um interesse amplamente filos\u00f3fico por certas quest\u00f5es. N\u00e3o por acaso, Tristes Tropiques, o apaixonado relato autobiogr\u00e1fico de suas primeiras experi\u00eancias em campo, deveu sua imediata notoriedade mais \u00e0s refer\u00eancias de reflex\u00e3o cr\u00edtica sobre a sociedade de pertencimento que ele singularmente oferecia, do que \u00e0s suas contribui\u00e7\u00f5es, embora relevantes, para o conhecimento etnol\u00f3gico. (ROVIGHI, 1999, p. 546)<\/p>\n<\/blockquote>\n<p style=\"text-align:justify;\">Ele tem como base em seus estudos o estruturalismo do qual ele \u00e9 um grande expoente, sen\u00e3o o maior. Este trabalho pretende explanar o pensamento de L\u00e9vi-Strauss principalmente no \u00e2mbito estrutural de seu pensar mostrando tamb\u00e9m como se d\u00e1 o processo do estruturalismo e as sua aplica\u00e7\u00e3o na filosofia.<\/p>\n<p style=\"text-align:justify;\">Antes de entrarmos no pensamento do autor, propriamente dito, deve-se ter certa clareza em certos pontos que s\u00e3o b\u00e1sicos para o seu pensamento. \u00c9 importante, primeiro ter conhecimento do que \u00e9 uma estrutura, que \u00e9 o alicerce para a corrente filos\u00f3fica que guarda o mesmo nome, o estruturalismo. De forma geral \u00e9 considerada uma estrutura os fen\u00f4menos que est\u00e3o em rela\u00e7\u00e3o de forma que se alterando alguns desses elementos os outros tamb\u00e9m sofrer\u00e3o alguma mudan\u00e7a. Outra caracter\u00edstica da estrutura \u00e9 que ela \u00e9 \u201cum modelo conceitual que deve dar conta dos fatos observados e permitir que se preveja de que modo reagir\u00e1 o conjunto no caso da modifica\u00e7\u00e3o de um dos elementos\u201d (ABBAGNANO, 2007, p. 376).<\/p>\n<p style=\"text-align:justify;\">Mas nem sempre se teve clareza deste termo e acabou-se por confundir com outro conceito, o de sistema. S\u00e3o dois termos parecidos e que acabam tendo mesma utiliza\u00e7\u00e3o, mas nesse fil\u00f3sofo a diferen\u00e7a se torna mais clara e necess\u00e1ria.<\/p>\n<blockquote>\n<p style=\"text-align:justify;\">Por defini\u00e7\u00e3o, uma estrutura \u00e9 um sistema relacional ou um conjunto de sistemas relacionais, tais como as rela\u00e7\u00f5es de parentesco, os esquemas de controle de tr\u00e1fego, os c\u00f3digos de etiqueta, etc. Uma estrutura \u00e9 um todo formado de fen\u00f4menos solid\u00e1rios. Cada um dos seus elementos depende dos outros e \u00e9 determinado por sua rela\u00e7\u00e3o com eles. A altera\u00e7\u00e3o, acr\u00e9scimo ou supress\u00e3o de um elemento implica acomoda\u00e7\u00e3o e reajuste na posi\u00e7\u00e3o dos demais. (THIRY-CHERQUES, 2006, p. 142)<\/p>\n<\/blockquote>\n<p style=\"text-align:justify;\">J\u00e1 o sistema se caracteriza por ser um conjunto de elementos que tamb\u00e9m est\u00e3o em rela\u00e7\u00e3o, mas n\u00e3o tem abstra\u00e7\u00e3o por caracter\u00edstica, como a estrutura. O sistema \u00e9 algo mais concreto. Pode-se exemplificar com um complexo sistema que \u00e9 o corpo humano. Tendo alguma modifica\u00e7\u00e3o, no caso uma doen\u00e7a num pequeno \u00f3rg\u00e3o, como o p\u00e2ncreas, por exemplo, vai afetar todo o organismo de alguma maneira e alguns outros \u00f3rg\u00e3os de forma mais direta.<\/p>\n<blockquote>\n<p style=\"text-align:justify;\">Um sistema \u00e9 um conjunto de entidades mutuamente inter-relacionadas e interdependentes, operando juntas em um n\u00edvel determinado de organiza\u00e7\u00e3o (&#8230;). Aplicamos o termo sistema para designar o conjunto concreto de elementos harmonicamente funcionais. J\u00e1 uma estrutura \u00e9 um conjunto de rela\u00e7\u00f5es. N\u00e3o tem o atributo da funcionalidade. Um sistema funciona. (THIRY-CHERQUES, 2006, p. 142)<\/p>\n<\/blockquote>\n<p style=\"text-align:justify;\">O conceito de estrutura pode ser mesclado a outro que \u00e9 o social para gerar a chamada estrutura social. Como foi visto que estrutura designa rela\u00e7\u00e3o, assim, as estruturas sociais ser\u00e3o tamb\u00e9m o conjunto das rela\u00e7\u00f5es nas mais diversas sociedades com a familiar, a religiosa. Estas estruturas s\u00e3o formadas de modelos<a title=\"\" href=\"\/Academico\/2009-2012%20Blog%20Pensamento%20Extemporaneo\/Levi-Strauss,%20Fabiano.docx#_ftn3\"><sup><\/sup><sup>[3]<\/sup><\/a> que s\u00e3o constru\u00eddos pelas observa\u00e7\u00f5es e por m\u00e9todos pr\u00f3prios da etnologia. \u201cO princ\u00edpio fundamental \u00e9 que a no\u00e7\u00e3o de estrutura social n\u00e3o se refere \u00e0 realidade emp\u00edrica, mas aos modelos constru\u00eddos em conformidade com esta\u201d (L\u00c9VI-STRAUSS, 1976, p. 13).<\/p>\n<p style=\"text-align:justify;\">Tendo uma no\u00e7\u00e3o mais clara do que seja estrutura e principalmente estrutura social pode-se dar continuidade ao estudo partindo agora para o estruturalismo. Esse movimento come\u00e7ou a se fundar nas media\u00e7\u00f5es do s\u00e9culo passado tendo como grande impulsionador, sen\u00e3o fundador, Claude L\u00e9vi-Strauss. Esse movimento de pensar se expandiu e foi utilizado por outras ci\u00eancias como a sociologia, a filosofia e a pr\u00f3pria etnologia, esta \u00faltima de grande apre\u00e7o desse pensador que o utilizou no mais grau poss\u00edvel.<\/p>\n<p style=\"text-align:justify;\">Nas ci\u00eancias humanas e nas sociais em que essa corrente filos\u00f3fica teve espa\u00e7o, ela foi recebida como um pensamento mais abstrato, n\u00e3o muito emp\u00edrico. O estruturalismo nessas ci\u00eancias estava muito preocupado em olhar a realidade nas suas m\u00faltiplas rela\u00e7\u00f5es, olhar as coisas em conjunto. Mas somente com L\u00e9vi-Strauss \u00e9 que o pr\u00f3prio estruturalismo foi visto de forma diferente, pelo menos em sua utiliza\u00e7\u00e3o.<\/p>\n<p style=\"text-align:justify;\">Esse pensador, como foi dito no in\u00edcio, j\u00e1 estava sufocado com os estudos universit\u00e1rios e resolver partir para o estudo de campo. Foi exatamente para esse ramo que L\u00e9vi-Strauss levou o estruturalismo. Assim, essa corrente foi levada para os campos de pesquisas, para o mundo onde se dava os acontecimentos e os fen\u00f4menos. Esse pensador buscou n\u00e3o somente teorizar sobre suas pesquisas, n\u00e3o somente torna-las abstratas, mas buscou uma pesquisa mais pr\u00e1tica, mais concreta.<\/p>\n<blockquote>\n<p style=\"text-align:justify;\">O estruturalismo, que sofre influ\u00eancias do pensamento dial\u00e9tico, da fenomenologia existencial e at\u00e9 da geologia (L\u00e9vi-Strauss, 1971), mas que nasce das pesquisas de campo e n\u00e3o do racioc\u00ednio especulativo, \u00e9 uma tentativa de reconciliar a teoria com a pr\u00e1tica. L\u00e9vi-Strauss procurou uma ponte entre o l\u00f3gico e o emp\u00edrico, um fundamento que pudesse dar conta da diversidade do mundo, um instrumental que fosse deduzido, ele tamb\u00e9m, do real. Algo que n\u00e3o fosse a simples descri\u00e7\u00e3o do emp\u00edrico imediato, que n\u00e3o resvalasse para o devaneio, para a pura abstra\u00e7\u00e3o. Que fosse uma teoria do poss\u00edvel. (THIRY-CHERQUES, 2006, p. 140)<\/p>\n<\/blockquote>\n<p style=\"text-align:justify;\">Esse fil\u00f3sofo buscou uma an\u00e1lise mais profunda dos fen\u00f4menos sociais que se dava pela observa\u00e7\u00e3o e experi\u00eancias que s\u00e3o m\u00e9todos propriamente cient\u00edficos. Com esses m\u00e9todos sua pesquisa mostra num \u00e2mbito investigativo. Ele busca em suas observa\u00e7\u00f5es seguir alguns crit\u00e9rios para que suas observa\u00e7\u00f5es n\u00e3o fujam muito do cerne de seu pensamento. A primeira exig\u00eancia que ele coloca \u00e9 que se deve observar todos os fatos e de forma bem livre. Que este labor n\u00e3o venha precedido de qualquer preconceito. Esses relatos devem ser descritos da forma mais pr\u00f3xima poss\u00edvel do fen\u00f4meno observado. Outra exig\u00eancia de sua pesquisa \u00e9 que os fen\u00f4menos deviam ser observados isoladamente e tamb\u00e9m nas suas rela\u00e7\u00f5es com os demais. Assim tinha-se o valor em si mesmo da observa\u00e7\u00e3o e o valor relativo.<\/p>\n<blockquote>\n<p style=\"text-align:justify;\">No n\u00edvel de observa\u00e7\u00e3o, a regra principal -poder-se-ia mesmo dizer a \u00fanica- \u00e9 que todos os fatos devem ser exatamente observados e descritos, sem permitir que os preconceitos te\u00f3ricos alterem sua natureza e sua import\u00e2ncia. Esta regra implica em outra, por via de consequ\u00eancia: os fatos devem ser estudados em si mesmos (&#8230;) e tamb\u00e9m em conjunto. (L\u00c9VI-STRAUSS, 1976, p. 14)<\/p>\n<\/blockquote>\n<p style=\"text-align:justify;\">Ele buscou de forma muito bem feita unir a teoria com a pr\u00e1tica. Esse, talvez, foi o grande marco, a grande contribui\u00e7\u00e3o de suas pesquisas. Tudo isso pode ser notado de forma muito clara em suas pesquisas e no modo como ele as realizava. As pesquisas da \u00e9poca se davam, praticamente de dois modos, uma mais f\u00e1cil que era a observa\u00e7\u00e3o dos fen\u00f4menos em determinada sociedade e a partir da\u00ed construir os pr\u00f3prios ju\u00edzos, tirando as pr\u00f3prias conclus\u00f5es. E outra maneira, que L\u00e9vi-Strauss fazia, que era mais dif\u00edcil e que procurava entender os fatos por eles mesmos. Um grande exemplo disso foram seus estudos em algumas sociedades ind\u00edgenas no Brasil. Ele se misturava no meio dos \u00edndios e se aproximava o m\u00e1ximo poss\u00edvel deles, para que pudesse observar os fen\u00f4menos e buscar entende-los dentro daquele contexto, no caso da tribo ind\u00edgena. \u00c9 o pr\u00f3prio autor que demonstra isso nesta seguinte passagem de sua obra <i>Antropologia Estrutural <\/i>em que fala dos \u00edndios brasileiros da regi\u00e3o central e oriental:<\/p>\n<blockquote>\n<p style=\"text-align:justify;\">A tend\u00eancia geral dos observadores e te\u00f3ricos foi de interpretar estas estruturas complexas a partir da organiza\u00e7\u00e3o dualista, que parecia representar a forma mais simples. (&#8230;) Proponho-me realmente, a mostrar aqui que a descri\u00e7\u00e3o das institui\u00e7\u00f5es ind\u00edgenas feita pelos observadores de campo- inclusive eu- coincide, sem d\u00favida, com a imagem que os \u00edndios possuem de sua pr\u00f3pria sociedade, mas que esta imagem se reduz a uma teoria, ou melhor, a uma transfigura\u00e7\u00e3o da realidade que \u00e9 de outra natureza. (L\u00c9VI-STRAUSS, 1967, p. 141-142)<\/p>\n<\/blockquote>\n<p style=\"text-align:justify;\">Com base no que foi colocado at\u00e9 agora, n\u00e3o fica dif\u00edcil entender como se d\u00e1 a antropologia nesse pensador. Na sua antropologia, dita antropologia estrutural, ele coloca as atividades humanas, a cultura e organiza\u00e7\u00e3o como estruturas que est\u00e3o em rela\u00e7\u00e3o. Ele em seu estudo busca reunir os conhecimentos adquiridos n\u00e3o somente da etnologia, mas tamb\u00e9m das outras ci\u00eancias humanas e sociais. Com isso ele expande o seu leque de conhecimento no seu trabalho n\u00e3o se limitando a uma \u00fanica vis\u00e3o. Durante sua pesquisa ele buscou localizar os pontos de converg\u00eancia e de distanciamento entre essas ci\u00eancias e comprar com a etnologia.<\/p>\n<p style=\"text-align:justify;\">O princ\u00edpio b\u00e1sico dessa etnologia s\u00e3o as pesquisas que se fazem dos mais diversos grupos sociais. Mas n\u00e3o se trata de um simples coletar dados ou meras observa\u00e7\u00f5es de fatos, o trabalho de L\u00e9vi-Strauss \u00e9 al\u00e9m de tudo no n\u00edvel antropol\u00f3gico, ent\u00e3o se trata de uma an\u00e1lise mais profunda das sociedades, como foi exposto acima.<\/p>\n<p style=\"text-align:justify;\">L\u00e9vi-Strauss pretendeu com seu estudo e com metodologia buscar uma vis\u00e3o mais unificada e mais ampla poss\u00edvel do que seja o homem. Durante suas pesquisas ele procurou construir uma ideia da forma\u00e7\u00e3o do homem nas mais diversas culturas, visto que um \u00fanico modelo de homem que servisse para todas as sociedades \u00e9 algo imposs\u00edvel. Assim ele fundou o que chamamos de antropologia estrutural ou antropologia cultural.<\/p>\n<p style=\"text-align:justify;\">\n<p style=\"text-align:justify;\"><b>Refer\u00eancias<\/b><\/p>\n<p style=\"text-align:justify;\">L\u00c9VI-STRAUSS, Claude. <i>A no\u00e7\u00e3o de estrutura em etnologia<\/i>. S\u00e3o Paulo: Abril cultural, 1976. (cole\u00e7\u00e3o os pensadores)<\/p>\n<p style=\"text-align:justify;\">L\u00c9VI-STRAUSS, Claude.<i> Antropologia estrutural<\/i>. Trad. Chaim Samuel Katz e Eginardo Pires. Rio de Janeiro: Tempo Brasileiro, 1967.<\/p>\n<p style=\"text-align:justify;\">ROVIGHI, Sofia Vanni. <i>Hist\u00f3ria da Filosofia Contempor\u00e2nea<\/i>: do s\u00e9culo XIX \u00e0 neoescol\u00e1stica. Trad. Ana Pareschi Capovilla. S\u00e3o Paulo: Loyola, 1999.<\/p>\n<p style=\"text-align:justify;\">THIRY-CHERQUES, Hermano Roberto. O Primeiro Estruturalismo: M\u00e9todo de Pesquisa para as Ci\u00eancias da Gest\u00e3o. <i>RAC<\/i>, [s.l.], v. 10, n. 2, p. 137-156. 2006. Dispon\u00edvel em: &lt; www.scielo.br\/pdf\/rac\/v10n2\/a08.pdf &gt;. Acesso em: 15 out. 2012.<\/p>\n<p style=\"text-align:justify;\">ESTRUTURA . in: DICION\u00c1RIO de filosofia, Nicola Abbagnano. S\u00e3o Paulo: Martins fontes, 2007. p. 376.<\/p>\n<div style=\"text-align:justify;\">\n<hr \/>\n<div>\n<p><a title=\"\" href=\"\/Academico\/2009-2012%20Blog%20Pensamento%20Extemporaneo\/Levi-Strauss,%20Fabiano.docx#_ftnref1\">[1]<\/a> Nasceu em 1908 em Bruxelas e sendo de fam\u00edlia francesa, passou grande parte de sua vida em Paris onde iniciou seus estudos universit\u00e1rios em Sorbonne. Encontrou sua verdadeira paix\u00e3o nos estudos etn\u00f3logos em que dedicou pelo resto de sua vida. Viajou para o Brasil, onde lecionou na rec\u00e9m criada Universidade de S\u00e3o Paulo. No Brasil come\u00e7ou suas primeiras pesquisas com os \u00edndios. Faleceu em 2009, deixando uma grande contribui\u00e7\u00e3o na \u00e1rea antropol\u00f3gica. (cf ROVIGHI, 1999, p. 544)<\/p>\n<\/div>\n<div>\n<p><a title=\"\" href=\"\/Academico\/2009-2012%20Blog%20Pensamento%20Extemporaneo\/Levi-Strauss,%20Fabiano.docx#_ftnref2\">[2]<\/a> Dentre os quais os mais relevantes s\u00e3o Sartre, Aron e Merleau-Ponty. (cf ROVIGHI, 1999, p. 544)<\/p>\n<\/div>\n<div>\n<p><a title=\"\" href=\"\/Academico\/2009-2012%20Blog%20Pensamento%20Extemporaneo\/Levi-Strauss,%20Fabiano.docx#_ftnref3\">[3]<\/a> \u201cModelos s\u00e3o constru\u00e7\u00f5es te\u00f3ricas que sup\u00f5e uma defini\u00e7\u00e3o precisa, exaustiva e n\u00e3o demasiado complicada: devem ser tamb\u00e9m parecidos com a realidade sob todas as rela\u00e7\u00f5es que importam \u00e0 pesquisa em curso\u201d (L\u00c9VI-STRAUSS, 1976, p. 13).<\/p>\n<\/div>\n<\/div>\n","protected":false},"excerpt":{"rendered":"<p>Fabiano Milione Hon\u00f3rio Claude L\u00e9vi-Strauss[1] foi um grande nome do s\u00e9culo XX e grande parte de sua fama se deve aos seus estudos e suas contribui\u00e7\u00f5es na filosofia, principalmente na \u00e1rea da antropologia. Suas pesquisas s\u00e3o de grande import\u00e2ncia para a sociedade atual e ajudam a entender o homem com suas rela\u00e7\u00f5es e seus costumes. &hellip; <\/p>\n","protected":false},"author":1,"featured_media":0,"comment_status":"open","ping_status":"open","sticky":false,"template":"","format":"standard","meta":{"_mi_skip_tracking":false,"footnotes":""},"categories":[38,84],"tags":[190,238,289,290],"class_list":{"0":"entry","1":"post","2":"publish","3":"author-admin","4":"post-2427","6":"format-standard","7":"category-fabiano-milione-honorio","8":"category-levi-strauss","9":"post_tag-antropologia","10":"post_tag-cultura","11":"post_tag-estrutura","12":"post_tag-estruturalismo"},"_links":{"self":[{"href":"https:\/\/pensamentoextemporaneo.com.br\/index.php?rest_route=\/wp\/v2\/posts\/2427","targetHints":{"allow":["GET"]}}],"collection":[{"href":"https:\/\/pensamentoextemporaneo.com.br\/index.php?rest_route=\/wp\/v2\/posts"}],"about":[{"href":"https:\/\/pensamentoextemporaneo.com.br\/index.php?rest_route=\/wp\/v2\/types\/post"}],"author":[{"embeddable":true,"href":"https:\/\/pensamentoextemporaneo.com.br\/index.php?rest_route=\/wp\/v2\/users\/1"}],"replies":[{"embeddable":true,"href":"https:\/\/pensamentoextemporaneo.com.br\/index.php?rest_route=%2Fwp%2Fv2%2Fcomments&post=2427"}],"version-history":[{"count":0,"href":"https:\/\/pensamentoextemporaneo.com.br\/index.php?rest_route=\/wp\/v2\/posts\/2427\/revisions"}],"wp:attachment":[{"href":"https:\/\/pensamentoextemporaneo.com.br\/index.php?rest_route=%2Fwp%2Fv2%2Fmedia&parent=2427"}],"wp:term":[{"taxonomy":"category","embeddable":true,"href":"https:\/\/pensamentoextemporaneo.com.br\/index.php?rest_route=%2Fwp%2Fv2%2Fcategories&post=2427"},{"taxonomy":"post_tag","embeddable":true,"href":"https:\/\/pensamentoextemporaneo.com.br\/index.php?rest_route=%2Fwp%2Fv2%2Ftags&post=2427"}],"curies":[{"name":"wp","href":"https:\/\/api.w.org\/{rel}","templated":true}]}}