{"id":2614,"date":"2014-10-02T12:41:08","date_gmt":"2014-10-02T15:41:08","guid":{"rendered":"http:\/\/pensamentoextemporaneo.wordpress.com\/?p=2614"},"modified":"2014-10-02T12:41:08","modified_gmt":"2014-10-02T15:41:08","slug":"a-ditadura-e-a-redemocratizacao-do-brasil","status":"publish","type":"post","link":"https:\/\/pensamentoextemporaneo.com.br\/?p=2614","title":{"rendered":"A ditadura e a redemocratiza\u00e7\u00e3o do Brasil"},"content":{"rendered":"<p>Amigos\/as leitores\/as de nosso Blog,<\/p>\n<p>At\u00e9 amanh\u00e3, 03\/out, acontece na Faculdade Arquidiocesana de Mariana o <span style=\"text-decoration:underline;\">XV SIMP\u00d3SIO FILOS\u00d3FICO-TEOL\u00d3GICO<\/span> \u00a0debatendo o tema, A ditadura e o processo de redemocratiza\u00e7\u00e3o do Brasil. Professores e estudantes de diversas \u00e1reas se re\u00fanem em torno da tem\u00e1tica. Compartilhamos o que est\u00e1 acontecendo no Simp\u00f3sio em sua p\u00e1gina no facebook. Basta curtir a p\u00e1gina e acompanhar a discuss\u00e3o!!<\/p>\n<p>segue o link..<\/p>\n<p><a title=\"Simp\u00f3sio FAM\" href=\"https:\/\/www.facebook.com\/pages\/Simp\u00f3sio-Filos\u00f3fico-Teol\u00f3gico\/392362844219646?ref=hl\">https:\/\/www.facebook.com\/pages\/Simp\u00f3sio-Filos\u00f3fico-Teol\u00f3gico\/392362844219646?ref=hl<\/a><\/p>\n<p>Rafael Basso &#8211; Professor na FAM<\/p>\n<p><a href=\"http:\/\/pensamentoextemporaneo.com.br\/wp-content\/uploads\/2014\/10\/10560461_569992246456704_372535254956197998_o.jpg\"><img loading=\"lazy\" decoding=\"async\" class=\"alignnone size-medium wp-image-2615\" src=\"http:\/\/pensamentoextemporaneo.com.br\/wp-content\/uploads\/2014\/10\/10560461_569992246456704_372535254956197998_o.jpg?w=300\" alt=\"10560461_569992246456704_372535254956197998_o\" width=\"300\" height=\"212\" srcset=\"https:\/\/pensamentoextemporaneo.com.br\/wp-content\/uploads\/2014\/10\/10560461_569992246456704_372535254956197998_o.jpg 1754w, https:\/\/pensamentoextemporaneo.com.br\/wp-content\/uploads\/2014\/10\/10560461_569992246456704_372535254956197998_o-300x212.jpg 300w, https:\/\/pensamentoextemporaneo.com.br\/wp-content\/uploads\/2014\/10\/10560461_569992246456704_372535254956197998_o-1024x723.jpg 1024w\" sizes=\"auto, (max-width: 300px) 100vw, 300px\" \/><\/a> <a href=\"http:\/\/pensamentoextemporaneo.com.br\/wp-content\/uploads\/2014\/10\/10572042_569992253123370_4037331247145351293_o.jpg\"><img loading=\"lazy\" decoding=\"async\" class=\"alignnone size-medium wp-image-2616\" src=\"http:\/\/pensamentoextemporaneo.com.br\/wp-content\/uploads\/2014\/10\/10572042_569992253123370_4037331247145351293_o.jpg?w=300\" alt=\"10572042_569992253123370_4037331247145351293_o\" width=\"300\" height=\"212\" srcset=\"https:\/\/pensamentoextemporaneo.com.br\/wp-content\/uploads\/2014\/10\/10572042_569992253123370_4037331247145351293_o.jpg 1754w, https:\/\/pensamentoextemporaneo.com.br\/wp-content\/uploads\/2014\/10\/10572042_569992253123370_4037331247145351293_o-300x212.jpg 300w, https:\/\/pensamentoextemporaneo.com.br\/wp-content\/uploads\/2014\/10\/10572042_569992253123370_4037331247145351293_o-1024x723.jpg 1024w\" sizes=\"auto, (max-width: 300px) 100vw, 300px\" \/><\/a><\/p>\n","protected":false},"excerpt":{"rendered":"<p>Amigos\/as leitores\/as de nosso Blog, At\u00e9 amanh\u00e3, 03\/out, acontece na Faculdade Arquidiocesana de Mariana o XV SIMP\u00d3SIO FILOS\u00d3FICO-TEOL\u00d3GICO \u00a0debatendo o tema, A ditadura e o processo de redemocratiza\u00e7\u00e3o do Brasil. Professores e estudantes de diversas \u00e1reas se re\u00fanem em torno da tem\u00e1tica. Compartilhamos o que est\u00e1 acontecendo no Simp\u00f3sio em sua p\u00e1gina no facebook. Basta &hellip; <\/p>\n","protected":false},"author":1,"featured_media":0,"comment_status":"open","ping_status":"closed","sticky":false,"template":"","format":"standard","meta":{"_mi_skip_tracking":false,"footnotes":""},"categories":[147],"tags":[],"class_list":{"0":"entry","1":"post","2":"publish","3":"author-admin","4":"post-2614","6":"format-standard","7":"category-sem-categoria"},"_links":{"self":[{"href":"https:\/\/pensamentoextemporaneo.com.br\/index.php?rest_route=\/wp\/v2\/posts\/2614","targetHints":{"allow":["GET"]}}],"collection":[{"href":"https:\/\/pensamentoextemporaneo.com.br\/index.php?rest_route=\/wp\/v2\/posts"}],"about":[{"href":"https:\/\/pensamentoextemporaneo.com.br\/index.php?rest_route=\/wp\/v2\/types\/post"}],"author":[{"embeddable":true,"href":"https:\/\/pensamentoextemporaneo.com.br\/index.php?rest_route=\/wp\/v2\/users\/1"}],"replies":[{"embeddable":true,"href":"https:\/\/pensamentoextemporaneo.com.br\/index.php?rest_route=%2Fwp%2Fv2%2Fcomments&post=2614"}],"version-history":[{"count":0,"href":"https:\/\/pensamentoextemporaneo.com.br\/index.php?rest_route=\/wp\/v2\/posts\/2614\/revisions"}],"wp:attachment":[{"href":"https:\/\/pensamentoextemporaneo.com.br\/index.php?rest_route=%2Fwp%2Fv2%2Fmedia&parent=2614"}],"wp:term":[{"taxonomy":"category","embeddable":true,"href":"https:\/\/pensamentoextemporaneo.com.br\/index.php?rest_route=%2Fwp%2Fv2%2Fcategories&post=2614"},{"taxonomy":"post_tag","embeddable":true,"href":"https:\/\/pensamentoextemporaneo.com.br\/index.php?rest_route=%2Fwp%2Fv2%2Ftags&post=2614"}],"curies":[{"name":"wp","href":"https:\/\/api.w.org\/{rel}","templated":true}]}}