{"id":416,"date":"2009-07-18T12:00:23","date_gmt":"2009-07-18T15:00:23","guid":{"rendered":"http:\/\/pensamentoextemporaneo.wordpress.com\/?p=416"},"modified":"2009-07-18T12:00:23","modified_gmt":"2009-07-18T15:00:23","slug":"o-iluminismo-e-suas-consequencias","status":"publish","type":"post","link":"https:\/\/pensamentoextemporaneo.com.br\/?p=416","title":{"rendered":"O legado do Iluminismo"},"content":{"rendered":"<p style=\"text-align:justify;\"><strong>Reginaldo Pereira In\u00e1cio<\/strong><\/p>\n<p style=\"text-align:justify;\">&nbsp;<\/p>\n<p style=\"text-align:right;padding-left:90px;\"><em>A liberdade \u00e9 direito de fazer tudo o que as leis permitem. Para que n\u00e3o possa abusar do poder \u00e9 preciso que, pela disposi\u00e7\u00e3o das coisas, o poder freie o poder. <\/em>(Montesquieu )<\/p>\n<p style=\"text-align:justify;\">Conhecido como \u201cs\u00e9culo das luzes\u201d, o s\u00e9culo XVIII foi palco do desenvolvimento iluminista que <em>\u201cpropunha o combate das luzes da raz\u00e3o (capacidade de raciocinar)\u201d<\/em> (ARANHA, <em>Filosofando, <\/em>p.221). O iluminismo foi preparado anteriormente pelo renascimento, a revolu\u00e7\u00e3o cient\u00edfica e o racionalismo cartesiano, dentre outros movimentos.<\/p>\n<p style=\"text-align:justify;\">O iluminismo trouxe tra\u00e7os significativos para aquele per\u00edodo e o desabrochar de um novo tempo, no qual o homem, que anteriormente vivia nas \u201ctrevas da ignor\u00e2ncia\u201d, passa a ser o centro das aten\u00e7\u00f5es, pois o ato de raciocinar o eleva, sendo este ato capaz de conduzi-lo \u00e0 felicidade e \u00e0 verdade. Por isso a autonomia da raz\u00e3o \u00e9 um fator determinante par ao homem.<\/p>\n<p style=\"text-align:justify;\">A ci\u00eancia \u00e9 vista com novas expectativas, pois \u00e9 o instrumento que pode dominar a natureza, na convic\u00e7\u00e3o de que<em> \u201ca raz\u00e3o \u00e9 fonte de progresso material, intelectual e moral, o que leva \u00e0 cren\u00e7a e confian\u00e7a na perfctibilidade do homem<\/em>\u201d (<em>ibidem<\/em>).<\/p>\n<p style=\"text-align:justify;\">O iluminismo foi um movimento filos\u00f3fico e pedag\u00f3gico, cujos ideais consistiam em um pensamento racional que deveria ser levado adiante substituindo as cren\u00e7as e o misticismo que bloqueiam a evolu\u00e7\u00e3o humana, de tal modo que o homem deixe de buscar respostas na f\u00e9 para solucionar seus problemas e suas d\u00favidas e confie somente na raz\u00e3o.<\/p>\n<p style=\"text-align:justify;\">O movimento ganhou espa\u00e7o principalmente na Inglaterra, Alemanha e Fran\u00e7a. Neste \u00faltimo, o pensamento iluminista culminou na Revolu\u00e7\u00e3o Francesa, cujo lema era <em>Liberdade, Igualdade, Fraternidade<\/em>. Mas n\u00e3o s\u00f3 estes pa\u00edses tiveram a influ\u00eancia do movimento iluminista; no Brasil, por exemplo, a inconfid\u00eancia mineira teve em seus ideais, ra\u00edzes na Fran\u00e7a.<\/p>\n<p style=\"text-align:justify;\">Outro ponto que merece aten\u00e7\u00e3o \u00e9 a moral iluminista. O homem no per\u00edodo da idade m\u00e9dia tinha uma vis\u00e3o teoc\u00eantrica do mundo e isso fez com que valores religiosos fossem impregnados \u00e0 \u00e9tica. A vis\u00e3o religiosa acreditava na doa\u00e7\u00e3o divina e identificava <em>\u201co homem moral com o homem temente a Deus\u201d<\/em> (<em>ibidem<\/em>). Com o iluminismo, essa moral \u00e9 secularizada. A religi\u00e3o passa a ser vista como aquela que coloca o homem numa heteronomia e que o leva ao fanatismo.<\/p>\n<p style=\"text-align:justify;\">O homem torna-se o centro. Nesse sentido pode se observar a <em>Declara\u00e7\u00e3o dos Direitos do Homem e do Cidad\u00e3o<\/em> de 1789, que apresenta dezessete artigos em defesa do homem. Esta carta, elaborada a partir do pensamento iluminista, defende para a pessoa humana o direito de vida, e vida com qualidade, a fim de promover a justi\u00e7a e a paz no mundo, fazendo com que todos os povos e na\u00e7\u00f5es possam usufruir de tais direitos.<\/p>\n<p style=\"text-align:justify;\">Percebe-se que nossa sociedade muito se beneficiou com tais iniciativas. A partir de ent\u00e3o, al\u00e9m do homem ter seu valor defendido, come\u00e7a a se preocupar com os valores sociais e como uma an\u00e1lise cr\u00edtica do que vivem e v\u00eaem. A ONU (Organiza\u00e7\u00e3o das Na\u00e7\u00f5es Unidas), atrav\u00e9s da <em>Declara\u00e7\u00e3o dos Direitos Humanos<\/em> de 1948, vem novamente defender que todos sejam tratados de forma igual perante a lei, n\u00e3o havendo discrimina\u00e7\u00e3o de ra\u00e7a, cor ou qualquer outra diferen\u00e7a. Tudo isso centrado no que diz o artigo primeiro da declara\u00e7\u00e3o: <em>\u201c&#8230; S\u00e3o dotados de raz\u00e3o e consci\u00eancia e devem agir em rala\u00e7\u00e3o uns aos outros com esp\u00edrito de fraternidade\u201d<\/em>.<\/p>\n<p style=\"text-align:justify;\">Por\u00e9m tamb\u00e9m \u00e9 vis\u00edvel como, ao longo do tempo, alguns valores v\u00e3o se perdendo, podendo se percebr um direcionamento um pouco controverso do que foi proposto pelo documento original, pois o mesmo diz que todos t\u00eam direito a v\u00e1rios direitos, como a propriedade, emprego, a n\u00e3o-escravid\u00e3o e que perante a lei todos devem ser tratados como iguais.. Mas o que dizer dos que vivem debaixo das pontes, dormindo envoltos em papel\u00f5es? O que dizer dos que vivem em busca de um emprego? O que dizer dos in\u00fameros crimes de \u201ccolarinho branco\u201d, que s\u00e3o encobertos? Ao contr\u00e1rio, como fica a situa\u00e7\u00e3o dos que s\u00e3o julgados inocentemente e dos que s\u00e3o condenados por coisas m\u00ednimas e que ficam anos na pris\u00e3o? As quest\u00f5es s\u00e3o para refletir.<\/p>\n<p style=\"text-align:justify;\">O movimento iluminista foi um momento de explos\u00e3o de id\u00e9ias e, como j\u00e1 dito, muito beneficiou a sociedade, por outro lado pode-se dizer que muitos aproveitaram da situa\u00e7\u00e3o para beneficiar-se a si mesmo. Cabe a cada homem de bem, \u00e0 luz da raz\u00e3o, pensar em uma sociedade mais justa e fraterna na qual de fato todos tenham condi\u00e7\u00f5es dignas de vida. Sendo o homem dotado de raz\u00e3o, que esta possa favorecer o crescimento do mesmo em prol de um mundo melhor.<\/p>\n<p style=\"text-align:justify;\">&nbsp;<\/p>\n<p style=\"text-align:justify;\"><strong>Refer\u00eancias<\/strong><\/p>\n<p style=\"text-align:justify;\">ARANHA, M. L. A.; MARTINS M. H. P.<em> Filosofando<\/em>: Introdu\u00e7\u00e3o \u00e0 filosofia. 2 ed. S\u00e3o Paulo: Moderna, 2002.<br \/>\n<em>Declara\u00e7\u00e3o dos Direitos do Homem e do Cidad\u00e3o<\/em>, 1789.<br \/>\n<em>Declara\u00e7\u00e3o Universal dos Direitos Humanos<\/em>, 1948.<\/p>\n","protected":false},"excerpt":{"rendered":"<p>Reginaldo Pereira In\u00e1cio &nbsp; A liberdade \u00e9 direito de fazer tudo o que as leis permitem. Para que n\u00e3o possa abusar do poder \u00e9 preciso que, pela disposi\u00e7\u00e3o das coisas, o poder freie o poder. (Montesquieu ) Conhecido como \u201cs\u00e9culo das luzes\u201d, o s\u00e9culo XVIII foi palco do desenvolvimento iluminista que \u201cpropunha o combate das &hellip; <\/p>\n","protected":false},"author":1,"featured_media":0,"comment_status":"open","ping_status":"open","sticky":false,"template":"","format":"standard","meta":{"_mi_skip_tracking":false,"footnotes":""},"categories":[128],"tags":[245,261,349,368],"class_list":{"0":"entry","1":"post","2":"publish","3":"author-admin","4":"post-416","6":"format-standard","7":"category-reginaldo-pereira-inacio","8":"post_tag-declaracao","9":"post_tag-direitos-humanos","10":"post_tag-iluminismo","11":"post_tag-liberdade"},"_links":{"self":[{"href":"https:\/\/pensamentoextemporaneo.com.br\/index.php?rest_route=\/wp\/v2\/posts\/416","targetHints":{"allow":["GET"]}}],"collection":[{"href":"https:\/\/pensamentoextemporaneo.com.br\/index.php?rest_route=\/wp\/v2\/posts"}],"about":[{"href":"https:\/\/pensamentoextemporaneo.com.br\/index.php?rest_route=\/wp\/v2\/types\/post"}],"author":[{"embeddable":true,"href":"https:\/\/pensamentoextemporaneo.com.br\/index.php?rest_route=\/wp\/v2\/users\/1"}],"replies":[{"embeddable":true,"href":"https:\/\/pensamentoextemporaneo.com.br\/index.php?rest_route=%2Fwp%2Fv2%2Fcomments&post=416"}],"version-history":[{"count":0,"href":"https:\/\/pensamentoextemporaneo.com.br\/index.php?rest_route=\/wp\/v2\/posts\/416\/revisions"}],"wp:attachment":[{"href":"https:\/\/pensamentoextemporaneo.com.br\/index.php?rest_route=%2Fwp%2Fv2%2Fmedia&parent=416"}],"wp:term":[{"taxonomy":"category","embeddable":true,"href":"https:\/\/pensamentoextemporaneo.com.br\/index.php?rest_route=%2Fwp%2Fv2%2Fcategories&post=416"},{"taxonomy":"post_tag","embeddable":true,"href":"https:\/\/pensamentoextemporaneo.com.br\/index.php?rest_route=%2Fwp%2Fv2%2Ftags&post=416"}],"curies":[{"name":"wp","href":"https:\/\/api.w.org\/{rel}","templated":true}]}}