{"id":430,"date":"2009-07-25T12:00:43","date_gmt":"2009-07-25T15:00:43","guid":{"rendered":"http:\/\/pensamentoextemporaneo.wordpress.com\/?p=430"},"modified":"2009-07-25T12:00:43","modified_gmt":"2009-07-25T15:00:43","slug":"tolerancia-ou-intolerancia-uma-reflexao-a-partir-de-voltaire","status":"publish","type":"post","link":"https:\/\/pensamentoextemporaneo.com.br\/?p=430","title":{"rendered":"Toler\u00e2ncia ou intoler\u00e2ncia: uma reflex\u00e3o a partir de Voltaire"},"content":{"rendered":"<p style=\"text-align:justify;\"><strong>J\u00falio C\u00e9sar Ferreira<\/strong><\/p>\n<p style=\"text-align:justify;\">\n<p style=\"text-align:right;padding-left:90px;\"><em>\u201cO que \u00e9 a toler\u00e2ncia? \u00c9 o apan\u00e1gio da humanidade. Somos todos cheios de fraquezas e de erros; perdoemo-nos reciprocamente as nossas tolices, tal \u00e9 a primeira lei da natureza.\u201d <\/em>(VOLTAIRE, <em>Dicion\u00e1rio Filos\u00f3fico<\/em>, p. 290)<\/p>\n<p style=\"text-align:justify;\">Voltaire nasceu em 1694 em Paris e foi educado em um col\u00e9gio mantido por Jesu\u00edtas. Tendo recebido consider\u00e1vel heran\u00e7a, deixou o col\u00e9gio e iniciou seus estudos de direitos . Voltaire viveu a experi\u00eancia de c\u00e1rcere e escreveu poemas em homenagens a reis, freq\u00fcentou a alta corte em v\u00e1rios pa\u00edses da Europa. Publicou v\u00e1rias obras e mesmo em idade avan\u00e7ada n\u00e3o cessou suas atividades intelectuais. Morreu aclamado e considerado pelo povo em maio de 1778. Voltaire foi curioso por toda a ci\u00eancia, expunha com clareza e ironia as quest\u00f5es mais obscuras e exerceu, sobre os homens de sua \u00e9poca e posteridade, consider\u00e1vel influ\u00eancia.<\/p>\n<p style=\"text-align:justify;\">O legado de Voltaire se faz perceber especialmente na defesa da toler\u00e2ncia. Voltaire mostra que desde sua \u00e9poca a intoler\u00e2ncia j\u00e1 acontecia muito e principalmente entre as denomina\u00e7\u00f5es religiosas, como os crist\u00e3os, que segundo ele deveriam dar exemplo de toler\u00e2ncia ensinando o perd\u00e3o, mas ele mostra que foram os mais intolerantes de todos os tempos, colocando v\u00e1rios exemplos disso em sua obra <em>Dicion\u00e1rio filos\u00f3fico<\/em>, na qual discursou sobre a toler\u00e2ncia.<\/p>\n<p style=\"text-align:justify;\">\u201cPor ter sofrido a intoler\u00e2ncia, as ordens e a insol\u00eancia dos poderosos e tamb\u00e9m por ter cora\u00e7\u00e3o e imagina\u00e7\u00e3o, foi advers\u00e1rio tenaz de todo fanatismo e despotismo. Por ter sido burgu\u00eas e \u00f3timo homem de neg\u00f3cios, admirava a constitui\u00e7\u00e3o que, na Inglaterra, dera-se \u2018uma na\u00e7\u00e3o de bodegueiros\u2019\u201d (REALE; ANTISERI, <em>Hist\u00f3ria da filosofia<\/em>, p.733).<\/p>\n<p style=\"text-align:justify;\">Ao ver intoler\u00e2ncia em todas as partes, Voltaire quer afirmar que, sem a toler\u00e2ncia, o mundo continuar\u00e1 desordenado: \u201co melhor meio para diminuir o n\u00famero de man\u00edacos, se ainda restam, \u00e9 de confiar esta doen\u00e7a do esp\u00edrito ao regime da raz\u00e3o, que lenta, mas infal\u00edvel ilumina os homens\u201d (<em>ibidem<\/em>).<\/p>\n<p style=\"text-align:justify;\">Voltaire percebeu que a toler\u00e2ncia poderia fazer do homem um ser mais compreensivo, seria como que um rem\u00e9dio para a doen\u00e7a feroz da intoler\u00e2ncia. O conhecimento humano \u00e9 limitado e por isso est\u00e1 sujeito ao erro; nisso consiste a raz\u00e3o da toler\u00e2ncia, que \u00e9 privilegio assegurado e reservado \u00e0 humanidade. Ele evidencia que toler\u00e2ncia n\u00e3o \u00e9 aceitar tudo que se encontra pelo mundo, mas sim o ato de respeitar. Se o ser humano vir que todos s\u00e3o cheios de defeitos, erros e tolices,e reconhecer que o erro \u00e9 natural a todo ser humano e que todos s\u00e3o iguais, ser\u00e1 mais f\u00e1cil existir o perd\u00e3o mutuamente.<\/p>\n<p style=\"text-align:justify;\">O homem insiste em promover a disc\u00f3rdia, que \u00e9 de fato cruel e flagela a humanidade. Mas pode-se ver que, se o ser humano se tornar mais tolerante nas rela\u00e7\u00f5es sociais, culturais, intelectuais e outras, viver\u00e1 melhor e em harmonia.<\/p>\n<p style=\"text-align:justify;\">Vale perguntar se existem tais \u201cman\u00edacos\u201d hoje, e se de fato h\u00e1, quem s\u00e3o, para que se possa solucionar pela raz\u00e3o as intoler\u00e2ncias que possam haver na sociedade. O fato \u00e9 que se v\u00ea a todo o momento discuss\u00f5es, guerras e conflitos por terras, por ideologias, por denomina\u00e7\u00f5es religiosas, por pensamentos. Por isso, a quest\u00e3o que se faz \u00e9 a seguinte: o mundo contempor\u00e2neo \u00e9 tolerante ou intolerante? Diante disso, Voltaire nos leva a propor que se deve viver em paz respeitando e mostrando que \u00e9 poss\u00edvel um mundo em que convivem a diversidade e a igualdade.<\/p>\n<p style=\"text-align:justify;\">\n<p style=\"text-align:justify;\"><strong>Refer\u00eancias<\/strong><\/p>\n<p style=\"text-align:justify;\">VOLTAIRE. <em>Dicion\u00e1rio Filos\u00f3fico<\/em>. 2 ed. Trad. Marilena Chau\u00ed. S\u00e3o Paulo: Abril Cultural, 1978. (Os Pensadores).<\/p>\n<p style=\"text-align:justify;\">REALE, Giovanni; ANTISERI, Dario. <em>Hist\u00f3ria da Filosofia<\/em>: vol. II, de Spinoza a Kant. S\u00e3o Paulo: Paulus, 2005.<\/p>\n","protected":false},"excerpt":{"rendered":"<p>J\u00falio C\u00e9sar Ferreira \u201cO que \u00e9 a toler\u00e2ncia? \u00c9 o apan\u00e1gio da humanidade. Somos todos cheios de fraquezas e de erros; perdoemo-nos reciprocamente as nossas tolices, tal \u00e9 a primeira lei da natureza.\u201d (VOLTAIRE, Dicion\u00e1rio Filos\u00f3fico, p. 290) Voltaire nasceu em 1694 em Paris e foi educado em um col\u00e9gio mantido por Jesu\u00edtas. Tendo recebido &hellip; <\/p>\n","protected":false},"author":1,"featured_media":0,"comment_status":"open","ping_status":"open","sticky":false,"template":"","format":"standard","meta":{"_mi_skip_tracking":false,"footnotes":""},"categories":[67,160],"tags":[358,494],"class_list":{"0":"entry","1":"post","2":"publish","3":"author-admin","4":"post-430","6":"format-standard","7":"category-julio-cesar-ferreira","8":"category-voltaire","9":"post_tag-intolerancia","10":"post_tag-tolerancia"},"_links":{"self":[{"href":"https:\/\/pensamentoextemporaneo.com.br\/index.php?rest_route=\/wp\/v2\/posts\/430","targetHints":{"allow":["GET"]}}],"collection":[{"href":"https:\/\/pensamentoextemporaneo.com.br\/index.php?rest_route=\/wp\/v2\/posts"}],"about":[{"href":"https:\/\/pensamentoextemporaneo.com.br\/index.php?rest_route=\/wp\/v2\/types\/post"}],"author":[{"embeddable":true,"href":"https:\/\/pensamentoextemporaneo.com.br\/index.php?rest_route=\/wp\/v2\/users\/1"}],"replies":[{"embeddable":true,"href":"https:\/\/pensamentoextemporaneo.com.br\/index.php?rest_route=%2Fwp%2Fv2%2Fcomments&post=430"}],"version-history":[{"count":0,"href":"https:\/\/pensamentoextemporaneo.com.br\/index.php?rest_route=\/wp\/v2\/posts\/430\/revisions"}],"wp:attachment":[{"href":"https:\/\/pensamentoextemporaneo.com.br\/index.php?rest_route=%2Fwp%2Fv2%2Fmedia&parent=430"}],"wp:term":[{"taxonomy":"category","embeddable":true,"href":"https:\/\/pensamentoextemporaneo.com.br\/index.php?rest_route=%2Fwp%2Fv2%2Fcategories&post=430"},{"taxonomy":"post_tag","embeddable":true,"href":"https:\/\/pensamentoextemporaneo.com.br\/index.php?rest_route=%2Fwp%2Fv2%2Ftags&post=430"}],"curies":[{"name":"wp","href":"https:\/\/api.w.org\/{rel}","templated":true}]}}